{"id":592,"date":"2025-11-17T10:16:58","date_gmt":"2025-11-17T09:16:58","guid":{"rendered":"https:\/\/preduzetnicki.interstil.org\/?p=592"},"modified":"2025-11-17T10:16:58","modified_gmt":"2025-11-17T09:16:58","slug":"preduzetnicki-centar-organizuje-radionicu-i-panel-diskusiju","status":"publish","type":"post","link":"https:\/\/preduzetnicki.interstil.org\/en\/preduzetnicki-centar-organizuje-radionicu-i-panel-diskusiju\/","title":{"rendered":"The Entrepreneurship Center organizes a workshop and panel discussion"},"content":{"rendered":"<p>U okviru kampanje &#8222;Za \u017eivot \u017eena&#8220; Preduzetni\u010dki centar organizuje vi\u0161e aktivnosti. Prva je radionica, koja \u0107e biti odr\u017eana danas u Domu omladine.<\/p>\n\n\n\n<p>&#8222;Ciljna grupa su nam bile u\u010denice zavr\u0161nih razreda srednjih \u0161kola i studenti. Tema radionice je &#8216;Kako do\u0107i do preduzetni\u010dke ideje i osnove preduzetni\u0161tva&#8217;. Kroz igrokaz i interakciju u\u010desnice \u0107e imati priliku da se na zanimljiv i dinami\u010dan na\u010din upoznaju s prvim koracima u svijetu preduzetni\u0161tva. Cilj nam je da ih ohrabrimo da razmi\u0161ljaju kreativno, prepoznaju mogu\u0107nosti oko sebe i steknu osnove koje \u0107e im pomo\u0107i da jednog dana pokrenu sopstveni posao&#8220;, kazala je Milica Bogojevi\u0107, koordinatorka Preduzetni\u010dkog centra grada Banjaluka.<\/p>\n\n\n\n<p>Tako\u0111e, Preduzetni\u010dki centar organizuje jo\u0161 jedan zna\u010dajan doga\u0111aj u okviru kampanje &#8222;Za \u017eivot \u017eena&#8220;, panel-diskusiju pod nazivom &#8222;Hrabre i uspje\u0161ne &#8211; \u017eene koje pomjeraju granice&#8220;.<\/p>\n\n\n\n<p>Panel \u0107e biti odr\u017ean u srijedu, 13. marta, s po\u010detkom u 18 \u010dasova, u Ku\u0107i Milanovi\u0107a.<\/p>\n\n\n\n<p>&#8222;Na panelu \u0107emo ugostiti tri preduzetnice iz na\u0161eg grada, koje \u0107e podijeliti svoja iskustva, izazove s kojima su se susretale, strahove koje su morale da savladaju, ali i uspjehe koje su postigle na svom preduzetni\u010dkom putu. Osim na\u0161ih sagovornica, panelu \u0107e prisustvovati i gosti iz razli\u010ditih sfera poslovanja, koji \u0107e svojim primjerima i podr\u0161kom doprinijeti razgovoru o va\u017enosti preduzetni\u010dkog duha, hrabrosti i istrajnosti u poslovnom svijetu. Ova diskusija je prilika da \u010dujemo inspirativne pri\u010de, razmijenimo iskustva i motivi\u0161emo mlade \u017eene da bez straha krenu putem ostvarenja svojih poslovnih ideja&#8220;, navela je Bogojevi\u0107eva.<\/p>","protected":false},"excerpt":{"rendered":"<p>U okviru kampanje &#8222;Za \u017eivot \u017eena&#8220; Preduzetni\u010dki centar organizuje vi\u0161e aktivnosti. Prva je radionica, koja \u0107e biti odr\u017eana danas u Domu omladine. &#8222;Ciljna grupa su nam bile u\u010denice zavr\u0161nih razreda srednjih \u0161kola i studenti. Tema radionice je &#8216;Kako do\u0107i do preduzetni\u010dke ideje i osnove preduzetni\u0161tva&#8217;. Kroz igrokaz i interakciju u\u010desnice \u0107e imati priliku da se [&hellip;]<\/p>","protected":false},"author":1,"featured_media":593,"comment_status":"open","ping_status":"open","sticky":false,"template":"","format":"standard","meta":{"footnotes":""},"categories":[16,17],"tags":[],"class_list":["post-592","post","type-post","status-publish","format-standard","has-post-thumbnail","hentry","category-popularno","category-preduzetnistvo"],"_links":{"self":[{"href":"https:\/\/preduzetnicki.interstil.org\/en\/wp-json\/wp\/v2\/posts\/592","targetHints":{"allow":["GET"]}}],"collection":[{"href":"https:\/\/preduzetnicki.interstil.org\/en\/wp-json\/wp\/v2\/posts"}],"about":[{"href":"https:\/\/preduzetnicki.interstil.org\/en\/wp-json\/wp\/v2\/types\/post"}],"author":[{"embeddable":true,"href":"https:\/\/preduzetnicki.interstil.org\/en\/wp-json\/wp\/v2\/users\/1"}],"replies":[{"embeddable":true,"href":"https:\/\/preduzetnicki.interstil.org\/en\/wp-json\/wp\/v2\/comments?post=592"}],"version-history":[{"count":0,"href":"https:\/\/preduzetnicki.interstil.org\/en\/wp-json\/wp\/v2\/posts\/592\/revisions"}],"wp:featuredmedia":[{"embeddable":true,"href":"https:\/\/preduzetnicki.interstil.org\/en\/wp-json\/wp\/v2\/media\/593"}],"wp:attachment":[{"href":"https:\/\/preduzetnicki.interstil.org\/en\/wp-json\/wp\/v2\/media?parent=592"}],"wp:term":[{"taxonomy":"category","embeddable":true,"href":"https:\/\/preduzetnicki.interstil.org\/en\/wp-json\/wp\/v2\/categories?post=592"},{"taxonomy":"post_tag","embeddable":true,"href":"https:\/\/preduzetnicki.interstil.org\/en\/wp-json\/wp\/v2\/tags?post=592"}],"curies":[{"name":"wp","href":"https:\/\/api.w.org\/{rel}","templated":true}]}}